{"id":2398,"date":"2025-03-20T18:26:13","date_gmt":"2025-03-20T17:26:13","guid":{"rendered":"https:\/\/elstyle.cz\/?p=2398"},"modified":"2025-03-24T21:45:09","modified_gmt":"2025-03-24T20:45:09","slug":"udrzitelne-bydleni-jak-efektivne-recyklovat-a-setrit-mistem","status":"publish","type":"post","link":"https:\/\/zpravodajskyservis.cz\/?p=2398","title":{"rendered":"Udr\u017eiteln\u00e9 bydlen\u00ed: Jak efektivn\u011b recyklovat a \u0161et\u0159it m\u00edstem?"},"content":{"rendered":"\n<p>Udr\u017eiteln\u00e9 bydlen\u00ed je nejen o \u0161et\u0159en\u00ed energi\u00ed a sni\u017eov\u00e1n\u00ed uhl\u00edkov\u00e9 stopy, ale tak\u00e9 o efektivn\u00edm vyu\u017e\u00edv\u00e1n\u00ed prostoru a recyklov\u00e1n\u00ed materi\u00e1l\u016f. V dne\u0161n\u00ed dob\u011b, kdy je pot\u0159eba chr\u00e1nit \u017eivotn\u00ed prost\u0159ed\u00ed st\u00e1le aktu\u00e1ln\u011bj\u0161\u00ed, m\u016f\u017eeme ka\u017ed\u00fd den p\u0159isp\u011bt k jeho ochran\u011b prost\u0159ednictv\u00edm drobn\u00fdch zm\u011bn v na\u0161ich dom\u00e1cnostech. Pokud chcete \u017e\u00edt udr\u017eiteln\u011b, ale z\u00e1rove\u0148 nechcete p\u0159ij\u00edt o pohodl\u00ed, m\u00e1me pro v\u00e1s n\u011bkolik tip\u016f, jak efektivn\u011b recyklovat a \u0161et\u0159it m\u00edstem ve va\u0161em domov\u011b.<\/p>\n\n\n\n<h2 class=\"wp-block-heading\"><strong>1. Recyklov\u00e1n\u00ed a op\u011btovn\u00e9 vyu\u017e\u00edv\u00e1n\u00ed materi\u00e1l\u016f<\/strong><\/h2>\n\n\n\n<p>Jedn\u00edm z nej\u00fa\u010dinn\u011bj\u0161\u00edch zp\u016fsob\u016f, jak \u0161et\u0159it p\u0159\u00edrodn\u00edmi zdroji, je op\u011btovn\u00e9 vyu\u017e\u00edv\u00e1n\u00ed materi\u00e1l\u016f, kter\u00e9 bychom jinak vyhodili. V dom\u00e1cnosti se to t\u00fdk\u00e1 p\u0159edev\u0161\u00edm pap\u00edru, plast\u016f, skla a kov\u016f, ale i star\u00e9ho n\u00e1bytku nebo oble\u010den\u00ed. Star\u00e9 d\u0159evo z n\u00e1bytku m\u016f\u017ee b\u00fdt p\u0159etvo\u0159eno na nov\u00e9 kousky, z nepot\u0159ebn\u00e9ho oble\u010den\u00ed si m\u016f\u017eete vytvo\u0159it pol\u0161t\u00e1\u0159e nebo z\u00e1v\u011bsy a z plastov\u00fdch lahv\u00ed zaj\u00edmav\u00e9 dekorace.<\/p>\n\n\n\n<h3 class=\"wp-block-heading\"><strong>Tipy pro recyklov\u00e1n\u00ed v dom\u00e1cnosti:<\/strong><\/h3>\n\n\n\n<ul class=\"wp-block-list\">\n<li><strong>Vytvo\u0159te si recykla\u010dn\u00ed stanici<\/strong>: Rozd\u011blen\u00ed odpadu na plast, pap\u00edr, sklo a bioodpad by m\u011blo b\u00fdt z\u00e1kladn\u00edm krokem. M\u016f\u017eete si po\u0159\u00eddit kontejnery na t\u0159\u00edd\u011bn\u00fd odpad, kter\u00e9 budou vhodn\u011b um\u00edst\u011bny v kuchyni, koupeln\u011b nebo gar\u00e1\u017ei.<\/li>\n\n\n\n<li><strong>Zaj\u00edmav\u00e9 DIY projekty<\/strong>: Star\u00e9 obaly nebo plastov\u00e9 n\u00e1doby lze p\u0159etvo\u0159it na origin\u00e1ln\u00ed \u00falo\u017en\u00e9 boxy, kv\u011btin\u00e1\u010de, stojany na tu\u017eky nebo drobn\u00e9 dekorace. Na internetu najdete mno\u017estv\u00ed inspirace na recykla\u010dn\u00ed DIY projekty.<\/li>\n\n\n\n<li><strong>Znovu vyu\u017eijte d\u0159evo<\/strong>: Star\u00e9 d\u0159ev\u011bn\u00e9 desky, palety nebo n\u00e1bytek mohou b\u00fdt p\u0159em\u011bn\u011bny na nov\u00fd n\u00e1bytek nebo dekorace. Tento proces v\u00e1m umo\u017en\u00ed nejen recyklovat, ale tak\u00e9 p\u0159idat do dom\u00e1cnosti unik\u00e1tn\u00ed kousek.<\/li>\n<\/ul>\n\n\n\n<h2 class=\"wp-block-heading\"><strong>2. \u00daspora m\u00edsta d\u00edky chytr\u00e9mu n\u00e1bytku<\/strong><\/h2>\n\n\n\n<p>Ve st\u00e1le men\u0161\u00edch a dra\u017e\u0161\u00edch bytech je efektivn\u00ed vyu\u017e\u00edv\u00e1n\u00ed prostoru kl\u00ed\u010dem k pohodln\u00e9mu bydlen\u00ed. Udr\u017eiteln\u00fd p\u0159\u00edstup zahrnuje nejen \u00fasporu energie, ale i maxim\u00e1ln\u00ed vyu\u017eit\u00ed dostupn\u00e9ho m\u00edsta.<\/p>\n\n\n\n<h3 class=\"wp-block-heading\"><strong>Chytr\u00e9 n\u00e1bytkov\u00e9 \u0159e\u0161en\u00ed pro \u00fasporu m\u00edsta:<\/strong><\/h3>\n\n\n\n<ul class=\"wp-block-list\">\n<li><strong>Vestav\u011bn\u00fd n\u00e1bytek<\/strong>: Vestav\u011bn\u00e9 sk\u0159\u00edn\u011b a police mohou efektivn\u011b vyu\u017e\u00edt ka\u017ed\u00e9 voln\u00e9 m\u00edsto ve va\u0161em byt\u011b, ani\u017e by zab\u00edraly zbyte\u010dn\u011b cenn\u00fd prostor. Nap\u0159\u00edklad vestav\u011bn\u00e9 postele s \u00falo\u017en\u00fdm prostorem pod nimi nebo multifunk\u010dn\u00ed stoly, kter\u00e9 mohou slou\u017eit jako pracovn\u00ed i j\u00eddeln\u00ed st\u016fl.<\/li>\n\n\n\n<li><strong>Modul\u00e1rn\u00ed n\u00e1bytek<\/strong>: Syst\u00e9my, kter\u00e9 se p\u0159izp\u016fsob\u00ed podle pot\u0159eby, v\u00e1m umo\u017en\u00ed m\u011bnit dispozice m\u00edstnosti. Nap\u0159\u00edklad modul\u00e1rn\u00ed pohovky, kter\u00e9 lze snadno p\u0159em\u00edstit nebo upravit podle aktu\u00e1ln\u00edch pot\u0159eb.<\/li>\n\n\n\n<li><strong>Kreativn\u00ed \u00falo\u017en\u00e9 prostory<\/strong>: Vyu\u017e\u00edvejte ka\u017ed\u00e9 voln\u00e9 m\u00edsto, nap\u0159\u00edklad prostor pod postel\u00ed, nad dve\u0159mi nebo v chodb\u00e1ch. M\u016f\u017eete pou\u017e\u00edt n\u00e1st\u011bnn\u00e9 police, z\u00e1v\u011bsn\u00e9 reg\u00e1ly nebo z\u00e1suvky pod schody, kter\u00e9 v\u00e1m pomohou u\u0161et\u0159it m\u00edsto.<\/li>\n<\/ul>\n\n\n\n<h2 class=\"wp-block-heading\"><strong>3. Energeticky \u00fasporn\u00e9 dom\u00e1c\u00ed spot\u0159ebi\u010de<\/strong><\/h2>\n\n\n\n<p>Jedn\u00edm z hlavn\u00edch aspekt\u016f udr\u017eiteln\u00e9ho bydlen\u00ed je efektivn\u00ed spot\u0159eba energie. Investice do energeticky \u00fasporn\u00fdch spot\u0159ebi\u010d\u016f a zlep\u0161en\u00ed izola\u010dn\u00edch vlastnost\u00ed domu nejen \u0161et\u0159\u00ed pen\u00edze, ale tak\u00e9 p\u0159isp\u00edvaj\u00ed k ochran\u011b \u017eivotn\u00edho prost\u0159ed\u00ed.<\/p>\n\n\n\n<h3 class=\"wp-block-heading\"><strong>Jak sn\u00ed\u017eit spot\u0159ebu energie?<\/strong><\/h3>\n\n\n\n<ul class=\"wp-block-list\">\n<li><strong>Efektivn\u00ed spot\u0159ebi\u010de<\/strong>: Vym\u011b\u0148te star\u00e9 spot\u0159ebi\u010de za energeticky \u00fasporn\u00e9 modely s vy\u0161\u0161\u00ed t\u0159\u00eddou \u00fa\u010dinnosti (A++ nebo A+++). To se t\u00fdk\u00e1 lednic, pra\u010dek, my\u010dek a su\u0161i\u010dek, kter\u00e9 mohou v\u00fdrazn\u011b sn\u00ed\u017eit va\u0161i spot\u0159ebu elekt\u0159iny.<\/li>\n\n\n\n<li><strong>Sol\u00e1rn\u00ed panely<\/strong>: Pokud m\u00e1te mo\u017enost, investujte do sol\u00e1rn\u00edch panel\u016f. I mal\u00e1 sol\u00e1rn\u00ed instalace v\u00e1m pom\u016f\u017ee sn\u00ed\u017eit n\u00e1klady na energii a zv\u00fd\u0161it energetickou nez\u00e1vislost.<\/li>\n\n\n\n<li><strong>Izolace a okna<\/strong>: Kvalitn\u00ed izolace a trojskl\u00e1 okna v\u00e1m pomohou minimalizovat tepeln\u00e9 ztr\u00e1ty a t\u00edm sn\u00ed\u017eit n\u00e1klady na vyt\u00e1p\u011bn\u00ed a klimatizaci.<\/li>\n<\/ul>\n\n\n\n<h2 class=\"wp-block-heading\"><strong>4. Zelen\u00e9 rostliny a dom\u00e1c\u00ed zahr\u00e1dky<\/strong><\/h2>\n\n\n\n<p>Pokud m\u00e1te prostor, m\u016f\u017eete si z\u0159\u00eddit malou dom\u00e1c\u00ed zahr\u00e1dku nebo p\u011bstovat rostliny, kter\u00e9 nejen zkr\u00e1\u0161l\u00ed prostor, ale tak\u00e9 \u010dist\u00ed vzduch. T\u00edmto zp\u016fsobem m\u016f\u017eete z\u00e1rove\u0148 recyklovat organick\u00fd odpad a vyu\u017e\u00edt ho jako kompost.<\/p>\n\n\n\n<h3 class=\"wp-block-heading\"><strong>Tipy pro p\u011bstov\u00e1n\u00ed doma:<\/strong><\/h3>\n\n\n\n<ul class=\"wp-block-list\">\n<li><strong>Bylinky na parapetu<\/strong>: Bylinky, jako jsou bazalka, oregano, m\u00e1ta nebo rozmar\u00fdn, lze snadno p\u011bstovat na okn\u011b. Nejen\u017ee budou kr\u00e1sn\u011b vypadat, ale budete je m\u00edt v\u017edy po ruce na va\u0159en\u00ed.<\/li>\n\n\n\n<li><strong>Vertik\u00e1ln\u00ed zahrady<\/strong>: Pokud nem\u00e1te zahradu, vertik\u00e1ln\u00ed zahr\u00e1dky jsou skv\u00e9l\u00e9 pro p\u011bstov\u00e1n\u00ed kv\u011btin nebo zeleniny na mal\u00e9m prostoru. Tento syst\u00e9m lze pou\u017e\u00edt na balkon\u011b nebo na st\u011bn\u00e1ch v interi\u00e9ru.<\/li>\n\n\n\n<li><strong>Kompostov\u00e1n\u00ed<\/strong>: Zbytky ovoce a zeleniny m\u016f\u017eete kompostovat a vyu\u017e\u00edt je k hnojen\u00ed rostlin. Kompostov\u00e1n\u00ed sni\u017euje mno\u017estv\u00ed odpadu, kter\u00fd by jinak skon\u010dil na skl\u00e1dce.<\/li>\n<\/ul>\n\n\n\n<h2 class=\"wp-block-heading\"><strong>5. Udr\u017eiteln\u00e9 materi\u00e1ly a vybaven\u00ed<\/strong><\/h2>\n\n\n\n<p>Vyu\u017e\u00edv\u00e1n\u00ed p\u0159\u00edrodn\u00edch a ekologick\u00fdch materi\u00e1l\u016f pro n\u00e1bytek, podlahy, textilie a dekorace nejen \u017ee p\u0159isp\u00edv\u00e1 k \u0161etrnosti k p\u0159\u00edrod\u011b, ale tak\u00e9 vytvo\u0159\u00ed v interi\u00e9ru p\u0159\u00edjemnou atmosf\u00e9ru.<\/p>\n\n\n\n<h3 class=\"wp-block-heading\"><strong>Jak na udr\u017eiteln\u00e9 materi\u00e1ly?<\/strong><\/h3>\n\n\n\n<ul class=\"wp-block-list\">\n<li><strong>D\u0159evo z obnoviteln\u00fdch zdroj\u016f<\/strong>: D\u0159ev\u011bn\u00fd n\u00e1bytek by m\u011bl poch\u00e1zet z certifikovan\u00fdch les\u016f, kter\u00e9 dbaj\u00ed na obnovu p\u0159\u00edrodn\u00edch zdroj\u016f. D\u0159ev\u011bn\u00e9 podlahy nebo n\u00e1bytek z recyklovan\u00fdch materi\u00e1l\u016f jsou skv\u00e9l\u00e9 volby.<\/li>\n\n\n\n<li><strong>P\u0159\u00edrodn\u00ed textilie<\/strong>: Vyberte si n\u00e1bytek a dopl\u0148ky z organick\u00fdch nebo recyklovan\u00fdch tkanin, jako je bavlna, len nebo konop\u00ed, kter\u00e9 jsou \u0161etrn\u00e9 k p\u0159\u00edrod\u011b a zdrav\u00ed.<\/li>\n\n\n\n<li><strong>Ekologick\u00e9 barvy a laky<\/strong>: Pou\u017e\u00edvejte barvy a laky na vodn\u00ed b\u00e1zi, kter\u00e9 neobsahuj\u00ed toxick\u00e9 l\u00e1tky. Jsou \u0161etrn\u00e9 k ovzdu\u0161\u00ed a bezpe\u010dn\u00e9 pro va\u0161e zdrav\u00ed.<\/li>\n<\/ul>\n\n\n\n<h2 class=\"wp-block-heading\"><strong>Z\u00e1v\u011br<\/strong><\/h2>\n\n\n\n<p>Udr\u017eiteln\u00e9 bydlen\u00ed je cestou k odpov\u011bdn\u00e9mu \u017eivotn\u00edmu stylu, kter\u00fd \u0161et\u0159\u00ed nejen p\u0159\u00edrodn\u00ed zdroje, ale i prostor a pen\u00edze. Recyklov\u00e1n\u00ed, efektivn\u00ed vyu\u017e\u00edv\u00e1n\u00ed prostoru a energetick\u00e9 \u00faspory jsou kl\u00ed\u010dem k ekologicky \u0161etrn\u00e9mu dom\u00e1c\u00edmu prost\u0159ed\u00ed. S t\u011bmito jednoduch\u00fdmi kroky m\u016f\u017eete v\u00fdrazn\u011b p\u0159isp\u011bt k ochran\u011b \u017eivotn\u00edho prost\u0159ed\u00ed a z\u00e1rove\u0148 si vytvo\u0159it pohodln\u00fd, stylov\u00fd a praktick\u00fd domov.<\/p>\n","protected":false},"excerpt":{"rendered":"<p>Udr\u017eiteln\u00e9 bydlen\u00ed je nejen o \u0161et\u0159en\u00ed energi\u00ed a sni\u017eov\u00e1n\u00ed uhl\u00edkov\u00e9 stopy, ale tak\u00e9 o efektivn\u00edm vyu\u017e\u00edv\u00e1n\u00ed prostoru a recyklov\u00e1n\u00ed materi\u00e1l\u016f. V dne\u0161n\u00ed dob\u011b, kdy je pot\u0159eba chr\u00e1nit \u017eivotn\u00ed prost\u0159ed\u00ed st\u00e1le&hellip;<\/p>\n","protected":false},"author":1,"featured_media":2399,"comment_status":"closed","ping_status":"closed","sticky":false,"template":"","format":"standard","meta":{"_sitemap_exclude":false,"_sitemap_priority":"","_sitemap_frequency":"","_lmt_disableupdate":"","_lmt_disable":"","footnotes":""},"categories":[19],"tags":[],"class_list":["post-2398","post","type-post","status-publish","format-standard","has-post-thumbnail","hentry","category-bydleni"],"_links":{"self":[{"href":"https:\/\/zpravodajskyservis.cz\/index.php?rest_route=\/wp\/v2\/posts\/2398","targetHints":{"allow":["GET"]}}],"collection":[{"href":"https:\/\/zpravodajskyservis.cz\/index.php?rest_route=\/wp\/v2\/posts"}],"about":[{"href":"https:\/\/zpravodajskyservis.cz\/index.php?rest_route=\/wp\/v2\/types\/post"}],"author":[{"embeddable":true,"href":"https:\/\/zpravodajskyservis.cz\/index.php?rest_route=\/wp\/v2\/users\/1"}],"replies":[{"embeddable":true,"href":"https:\/\/zpravodajskyservis.cz\/index.php?rest_route=%2Fwp%2Fv2%2Fcomments&post=2398"}],"version-history":[{"count":0,"href":"https:\/\/zpravodajskyservis.cz\/index.php?rest_route=\/wp\/v2\/posts\/2398\/revisions"}],"wp:featuredmedia":[{"embeddable":true,"href":"https:\/\/zpravodajskyservis.cz\/index.php?rest_route=\/wp\/v2\/media\/2399"}],"wp:attachment":[{"href":"https:\/\/zpravodajskyservis.cz\/index.php?rest_route=%2Fwp%2Fv2%2Fmedia&parent=2398"}],"wp:term":[{"taxonomy":"category","embeddable":true,"href":"https:\/\/zpravodajskyservis.cz\/index.php?rest_route=%2Fwp%2Fv2%2Fcategories&post=2398"},{"taxonomy":"post_tag","embeddable":true,"href":"https:\/\/zpravodajskyservis.cz\/index.php?rest_route=%2Fwp%2Fv2%2Ftags&post=2398"}],"curies":[{"name":"wp","href":"https:\/\/api.w.org\/{rel}","templated":true}]}}